{"id":2241,"date":"2026-04-27T18:52:25","date_gmt":"2026-04-27T18:52:25","guid":{"rendered":"https:\/\/centrooncologicodelnorte.cl\/?p=2241"},"modified":"2026-04-27T18:52:25","modified_gmt":"2026-04-27T18:52:25","slug":"esta-es-una-buena-instancia-para-acortar-la-brecha-de-especialistas","status":"publish","type":"post","link":"https:\/\/centrooncologicodelnorte.cl\/?p=2241","title":{"rendered":"\u201cESTA ES UNA BUENA INSTANCIA PARA ACORTAR LA BRECHA DE ESPECIALISTAS\u201d"},"content":{"rendered":"\n<blockquote class=\"wp-block-quote is-layout-flow wp-block-quote-is-layout-flow\">\n<p><strong><em>El director del Centro Oncol\u00f3gico del Norte, Dr. Ricardo Baeza, tras participar en jornada de difusi\u00f3n de becas para especialista.<\/em><\/strong><\/p>\n<\/blockquote>\n\n\n\n<p>Con el objetivo de apoyar, aportar y ser parte activa del Programa de Fortalecimiento de Capacidades en Oncolog\u00eda para la Regi\u00f3n de Antofagasta, el director del Centro Oncol\u00f3gico del Norte, Dr. Ricardo Baeza particip\u00f3 en una jornada de difusi\u00f3n y captaci\u00f3n de interesados para acceder a becas de formaci\u00f3n en especialidades oncol\u00f3gicas.<\/p>\n\n\n<div class=\"wp-block-image\">\n<figure class=\"alignleft size-full is-resized\"><img loading=\"lazy\" decoding=\"async\" width=\"1280\" height=\"854\" src=\"https:\/\/centrooncologicodelnorte.cl\/wp-content\/uploads\/2026\/04\/WhatsApp-Image-2026-04-25-at-11.36.42.jpeg\" alt=\"\" class=\"wp-image-2244\" style=\"aspect-ratio:1.498833828556823;width:432px;height:auto\" srcset=\"https:\/\/centrooncologicodelnorte.cl\/wp-content\/uploads\/2026\/04\/WhatsApp-Image-2026-04-25-at-11.36.42.jpeg 1280w, https:\/\/centrooncologicodelnorte.cl\/wp-content\/uploads\/2026\/04\/WhatsApp-Image-2026-04-25-at-11.36.42-300x200.jpeg 300w, https:\/\/centrooncologicodelnorte.cl\/wp-content\/uploads\/2026\/04\/WhatsApp-Image-2026-04-25-at-11.36.42-768x512.jpeg 768w, https:\/\/centrooncologicodelnorte.cl\/wp-content\/uploads\/2026\/04\/WhatsApp-Image-2026-04-25-at-11.36.42-660x440.jpeg 660w\" sizes=\"auto, (max-width: 1280px) 100vw, 1280px\" \/><\/figure>\n<\/div>\n\n\n<p>La iniciativa, financiada por el Gobierno Regional de Antofagasta, est\u00e1 orientada a atraer m\u00e9dicos y enfermeras, preferentemente de la regi\u00f3n, con el fin de contribuir al desarrollo de capital humano especializado en el \u00e1rea oncol\u00f3gica.<\/p>\n\n\n\n<p>Durante la actividad, el Dr. Baeza destac\u00f3 que \u201cesta es una muy buena instancia para avanzar en acortar la brecha de especialistas que actualmente presenta la regi\u00f3n\u201d.<\/p>\n\n\n\n<p>El programa contempla dos cupos para la formaci\u00f3n de m\u00e9dicos especialistas en radioterapia, dos cupos para oncolog\u00eda m\u00e9dica y cuatro cupos para enfermeras en pr\u00e1ctica avanzada, fortaleciendo as\u00ed distintas \u00e1reas cr\u00edticas de la atenci\u00f3n oncol\u00f3gica.<\/p>\n\n\n\n<p>La jornada cont\u00f3 con la participaci\u00f3n de m\u00e9dicos generales y estudiantes de pregrado \u2014principalmente de sexto y s\u00e9ptimo a\u00f1o de medicina\u2014, quienes pudieron conocer en detalle los alcances del programa y las oportunidades de desarrollo profesional en la regi\u00f3n.<\/p>\n\n\n\n<p>Este proyecto cuenta con financiamiento del Fondo Regional para la Productividad y el Desarrollo (FRPD) 2025 y se ejecuta a partir de una alianza estrat\u00e9gica entre la Pontificia Universidad Cat\u00f3lica de Chile, el Servicio de Salud Antofagasta, el Centro Oncol\u00f3gico del Norte, el Hospital Cl\u00ednico de la Universidad de Antofagasta y el Centro para la Prevenci\u00f3n y Control del C\u00e1ncer (CECAN).<\/p>\n","protected":false},"excerpt":{"rendered":"<p>El director del Centro Oncol\u00f3gico del Norte, Dr. Ricardo Baeza, tras participar en jornada de difusi\u00f3n de becas para especialista. Con el objetivo de apoyar, aportar y ser parte activa del Programa de Fortalecimiento de Capacidades en Oncolog\u00eda para la Regi\u00f3n de Antofagasta, el director del Centro Oncol\u00f3gico del Norte, Dr. Ricardo Baeza particip\u00f3 en [&hellip;]<\/p>\n","protected":false},"author":4,"featured_media":2249,"comment_status":"open","ping_status":"open","sticky":false,"template":"","format":"standard","meta":{"footnotes":""},"categories":[1],"tags":[],"class_list":["post-2241","post","type-post","status-publish","format-standard","has-post-thumbnail","hentry","category-noticias"],"_links":{"self":[{"href":"https:\/\/centrooncologicodelnorte.cl\/index.php?rest_route=\/wp\/v2\/posts\/2241","targetHints":{"allow":["GET"]}}],"collection":[{"href":"https:\/\/centrooncologicodelnorte.cl\/index.php?rest_route=\/wp\/v2\/posts"}],"about":[{"href":"https:\/\/centrooncologicodelnorte.cl\/index.php?rest_route=\/wp\/v2\/types\/post"}],"author":[{"embeddable":true,"href":"https:\/\/centrooncologicodelnorte.cl\/index.php?rest_route=\/wp\/v2\/users\/4"}],"replies":[{"embeddable":true,"href":"https:\/\/centrooncologicodelnorte.cl\/index.php?rest_route=%2Fwp%2Fv2%2Fcomments&post=2241"}],"version-history":[{"count":6,"href":"https:\/\/centrooncologicodelnorte.cl\/index.php?rest_route=\/wp\/v2\/posts\/2241\/revisions"}],"predecessor-version":[{"id":2248,"href":"https:\/\/centrooncologicodelnorte.cl\/index.php?rest_route=\/wp\/v2\/posts\/2241\/revisions\/2248"}],"wp:featuredmedia":[{"embeddable":true,"href":"https:\/\/centrooncologicodelnorte.cl\/index.php?rest_route=\/wp\/v2\/media\/2249"}],"wp:attachment":[{"href":"https:\/\/centrooncologicodelnorte.cl\/index.php?rest_route=%2Fwp%2Fv2%2Fmedia&parent=2241"}],"wp:term":[{"taxonomy":"category","embeddable":true,"href":"https:\/\/centrooncologicodelnorte.cl\/index.php?rest_route=%2Fwp%2Fv2%2Fcategories&post=2241"},{"taxonomy":"post_tag","embeddable":true,"href":"https:\/\/centrooncologicodelnorte.cl\/index.php?rest_route=%2Fwp%2Fv2%2Ftags&post=2241"}],"curies":[{"name":"wp","href":"https:\/\/api.w.org\/{rel}","templated":true}]}}