{"id":952,"date":"2019-10-15T18:31:33","date_gmt":"2019-10-15T18:31:33","guid":{"rendered":"http:\/\/centrooncologicodelnorte.cl\/?p=952"},"modified":"2019-10-15T18:31:33","modified_gmt":"2019-10-15T18:31:33","slug":"centro-oncologico-del-norte-conmemoro-el-dia-mundial-de-los-cuidados-paliativos","status":"publish","type":"post","link":"http:\/\/centrooncologicodelnorte.cl\/?p=952","title":{"rendered":"Centro Oncol\u00f3gico del Norte conmemor\u00f3 el D\u00eda Mundial de los Cuidados Paliativos"},"content":{"rendered":"<p style=\"text-align: center\"><em>Autoridades destacaron la gran labor humana y profesional del equipo de la Unidad de Alivio del Dolor y Cuidados Paliativos del CON, que atiende a m\u00e1s de 500 personas de la macro zona norte.<\/em><\/p>\n<p>Al son de la llamativa m\u00fasica Gospel, entonada en vivo, por la agrupaci\u00f3n \u201cChile Gospel Antofagasta\u201d, autoridades del Servicio de Salud, de la Seremi de Salud y del Centro Oncol\u00f3gico de la Capital Regional, (COA), conmemoraron en el recinto de \u00e9ste \u00faltimo, el D\u00eda Mundial de los Cuidados Paliativos, bajo el lema \u201cMi Cuidado, mi Derecho\u201d, atenci\u00f3n m\u00e9dica contenida en el GES\/Auge, de car\u00e1cter interdisciplinario, y que est\u00e1 orientada a proporcionar apoyo y orientaci\u00f3n tanto a los pacientes con diagn\u00f3stico de c\u00e1ncer no curable como a sus familiares.<\/p>\n<p><img loading=\"lazy\" decoding=\"async\" class=\"alignnone wp-image-955 \" src=\"http:\/\/centrooncologicodelnorte.cl\/wp-content\/uploads\/2019\/10\/DSCN0258.jpg\" alt=\"\" width=\"801\" height=\"542\" srcset=\"http:\/\/centrooncologicodelnorte.cl\/wp-content\/uploads\/2019\/10\/DSCN0258.jpg 3032w, http:\/\/centrooncologicodelnorte.cl\/wp-content\/uploads\/2019\/10\/DSCN0258-300x203.jpg 300w, http:\/\/centrooncologicodelnorte.cl\/wp-content\/uploads\/2019\/10\/DSCN0258-768x520.jpg 768w, http:\/\/centrooncologicodelnorte.cl\/wp-content\/uploads\/2019\/10\/DSCN0258-1920x1299.jpg 1920w, http:\/\/centrooncologicodelnorte.cl\/wp-content\/uploads\/2019\/10\/DSCN0258-660x446.jpg 660w\" sizes=\"auto, (max-width: 801px) 100vw, 801px\" \/><\/p>\n<p>La Dra. J\u00e9ssica Ca\u00f1arte, Jefa de la Unidad de Alivio del Dolor y Cuidados Paliativos del Centro Oncol\u00f3gico Norte (CON), explic\u00f3 que los Cuidados Paliativos, son Unidades que se encargan de entregar apoyo, contenci\u00f3n y tratamiento en todo enfoque; f\u00edsico, psicol\u00f3gico y espiritual a aquellas personas que se encuentran cercanas al fin de vida o que padecen patolog\u00edas incurables que alteran significativamente su condici\u00f3n y calidad de vida.<\/p>\n<p><strong>M\u00e1s de 500 pacientes<\/strong><\/p>\n<p>La facultativo detall\u00f3 que la Unidad de Alivio del Dolor, atiende a m\u00e1s de 500 personas, no s\u00f3lo de la Regi\u00f3n, sino tambi\u00e9n de otras regiones provenientes de regiones vecinas de la \u201cMacrozona Norte\u201d quienes se encuentran recibiendo tratamientos de radioterapia y quimioterapia, tarea que se materializa mediante el trabajo intersectorial de una veintena de m\u00e9dicos, enfermeras, kinesi\u00f3logos, t\u00e9cnicos param\u00e9dicos, nutricionistas, psic\u00f3logos y asistentes sociales.<\/p>\n<p><img loading=\"lazy\" decoding=\"async\" class=\"alignnone wp-image-959 \" src=\"http:\/\/centrooncologicodelnorte.cl\/wp-content\/uploads\/2019\/10\/DSCN0281.jpg\" alt=\"\" width=\"802\" height=\"514\" srcset=\"http:\/\/centrooncologicodelnorte.cl\/wp-content\/uploads\/2019\/10\/DSCN0281.jpg 3068w, http:\/\/centrooncologicodelnorte.cl\/wp-content\/uploads\/2019\/10\/DSCN0281-300x192.jpg 300w, http:\/\/centrooncologicodelnorte.cl\/wp-content\/uploads\/2019\/10\/DSCN0281-768x492.jpg 768w, http:\/\/centrooncologicodelnorte.cl\/wp-content\/uploads\/2019\/10\/DSCN0281-1920x1230.jpg 1920w, http:\/\/centrooncologicodelnorte.cl\/wp-content\/uploads\/2019\/10\/DSCN0281-660x423.jpg 660w\" sizes=\"auto, (max-width: 802px) 100vw, 802px\" \/><\/p>\n<p>Por su parte, Claudia Gonz\u00e1lez, Encargada del Programa de C\u00e1ncer de la Seremi de Salud, subray\u00f3 que el Alivio del Dolor por C\u00e1ncer Agudo y Cuidados Paliativos, est\u00e1n garantizados por Ley, puesto que se trata de un beneficio que se otorga mediante el R\u00e9gimen de Garant\u00edas Expl\u00edcitas en Salud, m\u00e1s conocida como el GES o Auge, como se le identifica de manera m\u00e1s popular, tanto a usuarios de Fonasa como de Isapre.<\/p>\n<p>Claudia Gonz\u00e1lez, destac\u00f3 que mucha gente desconoce las prestaciones que otorgan el Alivio del Dolor y los Cuidados Paliativos, y que en ese \u00e1mbito, la poblaci\u00f3n no debe temer en utilizar estos servicios puesto que representan un apoyo real y humano dirigido no s\u00f3lo al paciente sino que tambi\u00e9n a la familia, quienes tambi\u00e9n por cierto dijo, sufren por la afectaci\u00f3n de su ser querido.<\/p>\n<p><strong>Testimonios<\/strong><\/p>\n<p>Doris Flores D\u00edaz, muy emocionada y a un a\u00f1o de la partida de su esposo afectado por un c\u00e1ncer, coment\u00f3 como lo atendieron en la Unidad de AD\/CP del Centro Oncol\u00f3gico del Norte. \u00abMe sent\u00ed bien porque a \u00e9l lo atendieron muy bien aqu\u00ed. Las doctoras y todo personal lo quer\u00edan mucho. Nos hac\u00edan sentir as\u00ed como en la casa. Yo le ped\u00ed al Se\u00f1or que me diera tiempo para cuidarlo, y as\u00ed fue. Pude cuidarlo 5 a\u00f1os y despu\u00e9s se fue\u00bb, cuenta con voz entrecortada la Sra. Doris.<\/p>\n<p><img loading=\"lazy\" decoding=\"async\" class=\"alignnone wp-image-957 \" src=\"http:\/\/centrooncologicodelnorte.cl\/wp-content\/uploads\/2019\/10\/IMG_3276.jpeg\" alt=\"\" width=\"802\" height=\"601\" srcset=\"http:\/\/centrooncologicodelnorte.cl\/wp-content\/uploads\/2019\/10\/IMG_3276.jpeg 2048w, http:\/\/centrooncologicodelnorte.cl\/wp-content\/uploads\/2019\/10\/IMG_3276-300x225.jpeg 300w, http:\/\/centrooncologicodelnorte.cl\/wp-content\/uploads\/2019\/10\/IMG_3276-768x576.jpeg 768w, http:\/\/centrooncologicodelnorte.cl\/wp-content\/uploads\/2019\/10\/IMG_3276-1920x1440.jpeg 1920w, http:\/\/centrooncologicodelnorte.cl\/wp-content\/uploads\/2019\/10\/IMG_3276-660x495.jpeg 660w\" sizes=\"auto, (max-width: 802px) 100vw, 802px\" \/><\/p>\n<p>Otro paciente es don Jorge D\u00edaz, de 71 a\u00f1os.\u00a0 En septiembre de 2017 se le detect\u00f3 un c\u00e1ncer de pr\u00f3stata que deriv\u00f3 en una met\u00e1stasis en la columna vertebral por lo que ha sido sometido a sesiones de radioterapia y quimioterapia.\u00a0 Don Jorge fue derivado a la Unidad de Alivio del Dolor y Cuidados Paliativos.<\/p>\n<p>\u201cHace poco que empez\u00f3 nuevamente con dolores por lo que le han ido cambiando los remedios\u201d, comenta su esposa Elisa, destacando que cuando lo requiere, llama al m\u00e9dico del Centro Oncol\u00f3gico quien los atiende de manera inmediata.<\/p>\n<p>Don Jorge lleva casi dos a\u00f1os siendo atendido en la Unidad de Alivio del Dolor y Cuidados Paliativos, por lo que indica que se siente como una persona conocida.\u00a0 Se siente querido.\u00a0 Indica que lo tratan con mucha consideraci\u00f3n.\u00a0 \u201cAdem\u00e1s del m\u00e9dico, nos ve un psic\u00f3logo y una asistente social y siempre la atenci\u00f3n es muy buena\u201d asegura.<\/p>\n<p>La conmemoraci\u00f3n incluy\u00f3 una exposici\u00f3n a trav\u00e9s de paneles en el Hall del Centro Oncol\u00f3gico; la presencia completa del equipo multidisciplinario de la Unidad de Alivio del Dolor y la participaci\u00f3n de la agrupaci\u00f3n Chile Gospel quienes deleitaron a los presentes con su m\u00fasica cristiana y de esperanza.<\/p>\n","protected":false},"excerpt":{"rendered":"<p>Autoridades destacaron la gran labor humana y profesional del equipo de la Unidad de Alivio del Dolor y Cuidados Paliativos del CON, que atiende a m\u00e1s de 500 personas de la macro zona norte. Al son de la llamativa m\u00fasica Gospel, entonada en vivo, por la agrupaci\u00f3n \u201cChile Gospel Antofagasta\u201d, autoridades del Servicio de Salud, [&hellip;]<\/p>\n","protected":false},"author":4,"featured_media":963,"comment_status":"open","ping_status":"open","sticky":false,"template":"","format":"standard","meta":{"footnotes":""},"categories":[1],"tags":[],"class_list":["post-952","post","type-post","status-publish","format-standard","has-post-thumbnail","hentry","category-noticias"],"_links":{"self":[{"href":"http:\/\/centrooncologicodelnorte.cl\/index.php?rest_route=\/wp\/v2\/posts\/952","targetHints":{"allow":["GET"]}}],"collection":[{"href":"http:\/\/centrooncologicodelnorte.cl\/index.php?rest_route=\/wp\/v2\/posts"}],"about":[{"href":"http:\/\/centrooncologicodelnorte.cl\/index.php?rest_route=\/wp\/v2\/types\/post"}],"author":[{"embeddable":true,"href":"http:\/\/centrooncologicodelnorte.cl\/index.php?rest_route=\/wp\/v2\/users\/4"}],"replies":[{"embeddable":true,"href":"http:\/\/centrooncologicodelnorte.cl\/index.php?rest_route=%2Fwp%2Fv2%2Fcomments&post=952"}],"version-history":[{"count":6,"href":"http:\/\/centrooncologicodelnorte.cl\/index.php?rest_route=\/wp\/v2\/posts\/952\/revisions"}],"predecessor-version":[{"id":964,"href":"http:\/\/centrooncologicodelnorte.cl\/index.php?rest_route=\/wp\/v2\/posts\/952\/revisions\/964"}],"wp:featuredmedia":[{"embeddable":true,"href":"http:\/\/centrooncologicodelnorte.cl\/index.php?rest_route=\/wp\/v2\/media\/963"}],"wp:attachment":[{"href":"http:\/\/centrooncologicodelnorte.cl\/index.php?rest_route=%2Fwp%2Fv2%2Fmedia&parent=952"}],"wp:term":[{"taxonomy":"category","embeddable":true,"href":"http:\/\/centrooncologicodelnorte.cl\/index.php?rest_route=%2Fwp%2Fv2%2Fcategories&post=952"},{"taxonomy":"post_tag","embeddable":true,"href":"http:\/\/centrooncologicodelnorte.cl\/index.php?rest_route=%2Fwp%2Fv2%2Ftags&post=952"}],"curies":[{"name":"wp","href":"https:\/\/api.w.org\/{rel}","templated":true}]}}