{"id":1278,"date":"2020-09-09T18:15:28","date_gmt":"2020-09-09T18:15:28","guid":{"rendered":"http:\/\/centrooncologicodelnorte.cl\/?p=1278"},"modified":"2020-09-09T18:15:28","modified_gmt":"2020-09-09T18:15:28","slug":"espacio-seguro-una-lugar-para-el-apoyo-emocional-y-control-de-estres-de-funcionarias-y-funcionarios-del-con","status":"publish","type":"post","link":"http:\/\/centrooncologicodelnorte.cl\/?p=1278","title":{"rendered":"\u201cEspacio Seguro\u201d: una lugar para el apoyo emocional y control de estr\u00e9s de funcionarias y funcionarios del CON"},"content":{"rendered":"<blockquote><p>En el contexto de la pandemia por coronavirus, y pensado para uso de funcionarias y funcionarios del Centro Oncol\u00f3gico del Norte, la Unidad de Psicolog\u00eda Cl\u00ednica implement\u00f3 \u201cEspacio Seguro\u201d. Un lugar dise\u00f1ado para que las personas que trabajan en el centro puedan acceder \u2013una vez por semana durante su jornada de trabajo- a un momento de desconexi\u00f3n, apoyo emocional, atenci\u00f3n emocional y control de estr\u00e9s.<\/p><\/blockquote>\n<p><img loading=\"lazy\" decoding=\"async\" class=\"alignnone wp-image-1283 \" src=\"http:\/\/centrooncologicodelnorte.cl\/wp-content\/uploads\/2020\/09\/IMG_6309.jpg\" alt=\"\" width=\"802\" height=\"601\" srcset=\"http:\/\/centrooncologicodelnorte.cl\/wp-content\/uploads\/2020\/09\/IMG_6309.jpg 4032w, http:\/\/centrooncologicodelnorte.cl\/wp-content\/uploads\/2020\/09\/IMG_6309-300x225.jpg 300w, http:\/\/centrooncologicodelnorte.cl\/wp-content\/uploads\/2020\/09\/IMG_6309-768x576.jpg 768w, http:\/\/centrooncologicodelnorte.cl\/wp-content\/uploads\/2020\/09\/IMG_6309-1920x1440.jpg 1920w, http:\/\/centrooncologicodelnorte.cl\/wp-content\/uploads\/2020\/09\/IMG_6309-660x495.jpg 660w\" sizes=\"auto, (max-width: 802px) 100vw, 802px\" \/><\/p>\n<p>Seg\u00fan explica el psic\u00f3logo y jefe de la Unidad, Rodrigo N\u00fa\u00f1ez, \u201cEspacio Seguro es un lugar que busca brindar resguardo y calidez en un ambiente acogedor, con el fin de logra la recuperaci\u00f3n y la protecci\u00f3n emocional de nuestros funcionarios\u201d.<\/p>\n<p>El profesional agrega que esta medida responde a la preocupaci\u00f3n por los altos niveles de tensi\u00f3n detectados en el personal de salud, quienes han tenido que soportar una fuerte carga laboral, sumado al contexto sociocultural y las preocupaciones propias de su entorno familiar, \u00a0durante la pandemia.<\/p>\n<p>Por eso, en el contexto del Programa de Salud Mental Covid 19 del Centro Oncol\u00f3gico del Norte, se cre\u00f3 este espacio ubicado en una sala de la Unidad de Psicolog\u00eda Cl\u00ednica del establecimiento, la que se adec\u00fao para este efecto y a la que los funcionarios pueden acceder semanalmente por 20 minutos.<\/p>\n<p>\u201cEste lugar est\u00e1 a cargo de un psic\u00f3logo o un profesional capacitado en primeros auxilios psicol\u00f3gicos, para facilitar y\/o brindar actividades de desconexi\u00f3n y reconexi\u00f3n, con posibilidad de contenci\u00f3n y escucha activa psicol\u00f3gica directa, si as\u00ed se requiriese\u201d, complementa Rodrigo N\u00fa\u00f1ez.<\/p>\n","protected":false},"excerpt":{"rendered":"<p>En el contexto de la pandemia por coronavirus, y pensado para uso de funcionarias y funcionarios del Centro Oncol\u00f3gico del Norte, la Unidad de Psicolog\u00eda Cl\u00ednica implement\u00f3 \u201cEspacio Seguro\u201d. Un lugar dise\u00f1ado para que las personas que trabajan en el centro puedan acceder \u2013una vez por semana durante su jornada de trabajo- a un momento [&hellip;]<\/p>\n","protected":false},"author":4,"featured_media":1281,"comment_status":"open","ping_status":"open","sticky":false,"template":"","format":"standard","meta":{"footnotes":""},"categories":[1],"tags":[],"class_list":["post-1278","post","type-post","status-publish","format-standard","has-post-thumbnail","hentry","category-noticias"],"_links":{"self":[{"href":"http:\/\/centrooncologicodelnorte.cl\/index.php?rest_route=\/wp\/v2\/posts\/1278","targetHints":{"allow":["GET"]}}],"collection":[{"href":"http:\/\/centrooncologicodelnorte.cl\/index.php?rest_route=\/wp\/v2\/posts"}],"about":[{"href":"http:\/\/centrooncologicodelnorte.cl\/index.php?rest_route=\/wp\/v2\/types\/post"}],"author":[{"embeddable":true,"href":"http:\/\/centrooncologicodelnorte.cl\/index.php?rest_route=\/wp\/v2\/users\/4"}],"replies":[{"embeddable":true,"href":"http:\/\/centrooncologicodelnorte.cl\/index.php?rest_route=%2Fwp%2Fv2%2Fcomments&post=1278"}],"version-history":[{"count":6,"href":"http:\/\/centrooncologicodelnorte.cl\/index.php?rest_route=\/wp\/v2\/posts\/1278\/revisions"}],"predecessor-version":[{"id":1286,"href":"http:\/\/centrooncologicodelnorte.cl\/index.php?rest_route=\/wp\/v2\/posts\/1278\/revisions\/1286"}],"wp:featuredmedia":[{"embeddable":true,"href":"http:\/\/centrooncologicodelnorte.cl\/index.php?rest_route=\/wp\/v2\/media\/1281"}],"wp:attachment":[{"href":"http:\/\/centrooncologicodelnorte.cl\/index.php?rest_route=%2Fwp%2Fv2%2Fmedia&parent=1278"}],"wp:term":[{"taxonomy":"category","embeddable":true,"href":"http:\/\/centrooncologicodelnorte.cl\/index.php?rest_route=%2Fwp%2Fv2%2Fcategories&post=1278"},{"taxonomy":"post_tag","embeddable":true,"href":"http:\/\/centrooncologicodelnorte.cl\/index.php?rest_route=%2Fwp%2Fv2%2Ftags&post=1278"}],"curies":[{"name":"wp","href":"https:\/\/api.w.org\/{rel}","templated":true}]}}